{"id":9473,"date":"2025-01-16T00:36:07","date_gmt":"2025-01-15T23:36:07","guid":{"rendered":"https:\/\/www.sg-wiedau.de\/?p=9473"},"modified":"2025-01-16T00:47:21","modified_gmt":"2025-01-15T23:47:21","slug":"ausrufezeichen-gegen-elm","status":"publish","type":"post","link":"https:\/\/www.sg-wiedau.de\/?p=9473","title":{"rendered":"Ausrufezeichen gegen Elm!"},"content":{"rendered":"\n<p>Nachdem unsere 2. Mannschaft in der vergangenen Woche mit einem wichtigen 9:3-Sieg gegen Kuhstedt stark in die R\u00fcckrunde gestartet ist, folgte am gestrigen Freitag nun der n\u00e4chste Sieg, allerdings dieses Mal gegen den aktuellen Tabellenf\u00fchrer in der Bezirksklasse, n\u00e4mlich den MTV Elm.<\/p>\n\n\n\n<p>Elm hatte bis dahin erst ein Spiel in der Liga verloren, galt daher vor dem Spiel als klarer Favorit, auch ohne die nominelle Nummer Eins, Markus Hilken. Unsere Jungs starteten jedoch perfekt in die Partie und konnten tats\u00e4chlich alle drei Doppeln verdient f\u00fcr sich entscheiden.<\/p>\n\n\n\n<p>In den Einzeln konnte sich im oberen Paarkreuz dann zun\u00e4chst die Routine von St\u00f6rspieler Uwe Pzillas durchsetzen. Er konnte seine beiden Einzel gegen Marco und Stefan gewinnen. Ein wirklich starkes Spiel kr\u00f6nte Stefan dann in seiner Begegnung mit Raphael M\u00fcller, den er mit 5:11, 11:8, 14:12, 6:11 und 11:5 im Entscheidungssatz niederrang.<\/p>\n\n\n\n<p>Nachdem wir zwischenzeitlich schon mit 6:2 in Front lagen, konnte Elm sp\u00e4ter noch auf 6:5 herankommen und es bahnte sich eine wirklich spannende Endphase an. <\/p>\n\n\n\n<p>Diese leitete dann Joachim mit seinem zweiten Einzelsieg an diesem Abend vielversprechend ein. Er konnte in einem taktisch gepr\u00e4gten Spiel gegen Mike Brohl knapp im Entscheidungssatz siegen. Dabei boten beide Kontrahenten mit ihrem Materialspiel den Zuschauern tolle Ballwechsel an. Am Ende freute sich jedoch nur Joachim, der verdient mit 11:5 im f\u00fcnften Satz den 7:2 Zwischenstand f\u00fcr uns markierte.<\/p>\n\n\n\n<p>Auf Luc und Sascha war danach dann ebenfalls Verlass. Sie besorgten mit ihren Siegen gegen Thomas Kerstner und Ingo Schr\u00f6der den 9:5 Endstand. Unsere Jungs freuten sich am Ende \u00fcber zwei wichtige Punkte f\u00fcr den Klassenerhalt &#8211; und das gegen den Tabellenf\u00fchrer. Chapeau!<\/p>\n\n\n\n<p>Nur die SGW!<\/p>\n","protected":false},"excerpt":{"rendered":"<p>Nachdem unsere 2. Mannschaft in der vergangenen Woche mit einem wichtigen 9:3-Sieg gegen Kuhstedt stark in die R\u00fcckrunde gestartet ist, folgte am gestrigen Freitag nun der n\u00e4chste Sieg, allerdings dieses Mal gegen den aktuellen Tabellenf\u00fchrer in der Bezirksklasse, n\u00e4mlich den MTV Elm. Elm hatte bis dahin erst ein Spiel in der Liga verloren, galt daher vor dem Spiel als klarer Favorit, auch ohne die nominelle Nummer Eins, Markus Hilken. Unsere Jungs starteten jedoch perfekt in die Partie und konnten tats\u00e4chlich alle drei Doppeln verdient f\u00fcr sich entscheiden. In den Einzeln konnte sich im oberen Paarkreuz dann zun\u00e4chst die Routine von St\u00f6rspieler Uwe Pzillas durchsetzen. Er konnte seine beiden Einzel gegen Marco und Stefan gewinnen. Ein wirklich starkes Spiel kr\u00f6nte Stefan dann in seiner Begegnung mit Raphael M\u00fcller, den er mit 5:11, 11:8, 14:12, 6:11 und 11:5 im Entscheidungssatz niederrang. Nachdem wir zwischenzeitlich schon mit 6:2 in Front lagen, konnte Elm sp\u00e4ter noch auf 6:5 herankommen und es bahnte sich eine wirklich spannende Endphase an. Diese leitete dann Joachim mit seinem zweiten Einzelsieg an diesem Abend vielversprechend ein. Er konnte in einem taktisch gepr\u00e4gten Spiel gegen Mike Brohl knapp im Entscheidungssatz siegen. Dabei boten beide Kontrahenten mit ihrem Materialspiel den Zuschauern [&#8230;]<\/p>\n","protected":false},"author":6,"featured_media":9475,"comment_status":"closed","ping_status":"closed","sticky":false,"template":"","format":"standard","meta":{"ngg_post_thumbnail":0,"footnotes":""},"categories":[1],"tags":[],"class_list":["post-9473","post","type-post","status-publish","format-standard","has-post-thumbnail","hentry","category-allgemein"],"_links":{"self":[{"href":"https:\/\/www.sg-wiedau.de\/index.php?rest_route=\/wp\/v2\/posts\/9473","targetHints":{"allow":["GET"]}}],"collection":[{"href":"https:\/\/www.sg-wiedau.de\/index.php?rest_route=\/wp\/v2\/posts"}],"about":[{"href":"https:\/\/www.sg-wiedau.de\/index.php?rest_route=\/wp\/v2\/types\/post"}],"author":[{"embeddable":true,"href":"https:\/\/www.sg-wiedau.de\/index.php?rest_route=\/wp\/v2\/users\/6"}],"replies":[{"embeddable":true,"href":"https:\/\/www.sg-wiedau.de\/index.php?rest_route=%2Fwp%2Fv2%2Fcomments&post=9473"}],"version-history":[{"count":2,"href":"https:\/\/www.sg-wiedau.de\/index.php?rest_route=\/wp\/v2\/posts\/9473\/revisions"}],"predecessor-version":[{"id":9477,"href":"https:\/\/www.sg-wiedau.de\/index.php?rest_route=\/wp\/v2\/posts\/9473\/revisions\/9477"}],"wp:featuredmedia":[{"embeddable":true,"href":"https:\/\/www.sg-wiedau.de\/index.php?rest_route=\/wp\/v2\/media\/9475"}],"wp:attachment":[{"href":"https:\/\/www.sg-wiedau.de\/index.php?rest_route=%2Fwp%2Fv2%2Fmedia&parent=9473"}],"wp:term":[{"taxonomy":"category","embeddable":true,"href":"https:\/\/www.sg-wiedau.de\/index.php?rest_route=%2Fwp%2Fv2%2Fcategories&post=9473"},{"taxonomy":"post_tag","embeddable":true,"href":"https:\/\/www.sg-wiedau.de\/index.php?rest_route=%2Fwp%2Fv2%2Ftags&post=9473"}],"curies":[{"name":"wp","href":"https:\/\/api.w.org\/{rel}","templated":true}]}}